{"id":11161,"date":"2025-10-20T13:20:46","date_gmt":"2025-10-20T14:20:46","guid":{"rendered":"https:\/\/www.summar.es\/actualidad\/?p=11161"},"modified":"2025-11-20T14:09:01","modified_gmt":"2025-11-20T15:09:01","slug":"ponencia-summar-accountex-2025","status":"publish","type":"post","link":"https:\/\/www.summar.es\/actualidad\/ponencia-summar-accountex-2025\/","title":{"rendered":"Summar en Accountex 2025: No te pierdas nuestra mesa redonda con expertos"},"content":{"rendered":"\n<p>Los d\u00edas<strong> 5 y 6 de noviembre<\/strong>, <strong>Accountex Espa\u00f1a y HR Expo<\/strong> vuelven a reunir a los principales profesionales y empresas del sector contable, fiscal, laboral y de RR. HH. Y este a\u00f1o, nosotros, estaremos presentes. Podr\u00e1s encontrarnos en el\ud83d\udccd\ud835\ude00\ud835\ude01\ud835\uddee\ud835\uddfb\ud835\uddf1 \ud835\udfed\ud835\udfee\ud835\uddd6\ud835\udff1\ud835\udfec: <a href=\"https:\/\/maps.app.goo.gl\/wU7en5BRgue6dzGJ7\">IFEMA MADRID<\/a>, pabell\u00f3n n\u00famero 12.<\/p>\n\n\n\n<div style=\"height:21px\" aria-hidden=\"true\" class=\"wp-block-spacer\"><\/div>\n\n\n\n<p class=\"has-black-color has-text-color\"><strong>Como parte del programa, organizamos una mesa redonda que re\u00fane tres perspectivas clave para fortalecer la marca y fidelizar talento:<\/strong><\/p>\n\n\n\n<h1 class=\"wp-block-heading has-text-color has-large-font-size\" style=\"color:#e94c2d;font-style:normal;font-weight:700\">C\u00f3mo fortalecer la marca empleadora y retener talento: una visi\u00f3n pr\u00e1ctica desde el despacho, la empresa y la tecnolog\u00eda<\/h1>\n\n\n\n<p class=\"has-text-color\" style=\"color:#263243\">La sesi\u00f3n se celebrar\u00e1 el <strong>\ud83d\udccd5 de noviembre a las 16:00\u202fh<\/strong> en la <strong>Sala 6 (RRHH en el Despacho Profesional)<\/strong>. <\/p>\n\n\n\n<p><strong>Durante esta hora juntos, se explorar\u00e1n de forma complementaria:<\/strong><\/p>\n\n\n\n<ul>\n<li><strong>Tecnolog\u00eda<\/strong> \u2014 con <strong>Pablo Calvo<\/strong> (Director General de Summar &#8211; Silae Espa\u00f1a) como moderador y ponente, para ilustrar c\u00f3mo las herramientas tecnol\u00f3gicas no solo automatizan tareas, sino que pueden liberar tiempo, mejorar la experiencia del empleado y convertir el entorno laboral en algo m\u00e1s motivador.<\/li>\n\n\n\n<li><strong>Empresa<\/strong> \u2014 de la mano de <strong>Paloma Padura<\/strong> (Responsable de Compensaci\u00f3n en Sanitas), quienes compartir\u00e1n su visi\u00f3n sobre beneficios, retribuci\u00f3n flexible y salario emocional como palancas para retener talento.<\/li>\n\n\n\n<li><strong>Despachos profesionales<\/strong> \u2014 con la participaci\u00f3n de <strong>Pedro Heras<\/strong> (Presidente de Iustime), que hablar\u00e1 de c\u00f3mo los despachos pueden reinventarse como entornos atractivos para el talento y apoyar a sus empresas clientes en ese desaf\u00edo.<\/li>\n<\/ul>\n\n\n\n<p>Se tratar\u00e1n casos reales, estrategias pr\u00e1cticas, y una mirada estrat\u00e9gica para conectar estas tres vertientes y ofrecer una experiencia de empleado m\u00e1s s\u00f3lida.<\/p>\n\n\n\n<p><strong>\ud83c\udfa7<\/strong> <strong>\u00a1No olvides traer tus auriculares!<\/strong> Podr\u00e1s conectarte directamente al audio de las salas, y disfrutar de una mejor experiencia.<\/p>\n\n\n\n<figure class=\"wp-block-image size-large\"><img decoding=\"async\" loading=\"lazy\" width=\"1024\" height=\"576\" src=\"https:\/\/www.summar.es\/actualidad\/wp-content\/uploads\/2025\/10\/accountex-mesa-redonda-1024x576.png\" alt=\"\" class=\"wp-image-11197\" srcset=\"https:\/\/www.summar.es\/actualidad\/wp-content\/uploads\/2025\/10\/accountex-mesa-redonda-1024x576.png 1024w, https:\/\/www.summar.es\/actualidad\/wp-content\/uploads\/2025\/10\/accountex-mesa-redonda-300x169.png 300w, https:\/\/www.summar.es\/actualidad\/wp-content\/uploads\/2025\/10\/accountex-mesa-redonda-768x432.png 768w, https:\/\/www.summar.es\/actualidad\/wp-content\/uploads\/2025\/10\/accountex-mesa-redonda-1536x864.png 1536w, https:\/\/www.summar.es\/actualidad\/wp-content\/uploads\/2025\/10\/accountex-mesa-redonda-2048x1152.png 2048w, https:\/\/www.summar.es\/actualidad\/wp-content\/uploads\/2025\/10\/accountex-mesa-redonda-600x338.png 600w\" sizes=\"(max-width: 1024px) 100vw, 1024px\" \/><\/figure>\n\n\n\n<p><\/p>\n","protected":false},"excerpt":{"rendered":"<p>Los d\u00edas 5 y 6 de noviembre, Accountex Espa\u00f1a y HR Expo vuelven a reunir a los principales profesionales y empresas del sector contable, fiscal, laboral y de RR. HH. Y este a\u00f1o, nosotros, estaremos presentes. Podr\u00e1s encontrarnos en el\ud83d\udccd\ud835\ude00\ud835\ude01\ud835\uddee\ud835\uddfb\ud835\uddf1 \ud835\udfed\ud835\udfee\ud835\uddd6\ud835\udff1\ud835\udfec: IFEMA MADRID, pabell\u00f3n n\u00famero 12. Como parte del programa, [&hellip;]<\/p>\n","protected":false},"author":1,"featured_media":11189,"comment_status":"closed","ping_status":"closed","sticky":false,"template":"","format":"standard","meta":{"footnotes":""},"categories":[7],"tags":[],"yoast_head":"<!-- This site is optimized with the Yoast SEO plugin v21.4 - https:\/\/yoast.com\/wordpress\/plugins\/seo\/ -->\r\n<title>Summar en Accountex 2025: No te pierdas nuestra mesa redonda con expertos - Actualidad Summar<\/title>\r\n<meta name=\"robots\" content=\"index, follow, max-snippet:-1, max-image-preview:large, max-video-preview:-1\" \/>\r\n<link rel=\"canonical\" href=\"https:\/\/www.summar.es\/actualidad\/ponencia-summar-accountex-2025\/\" \/>\r\n<meta property=\"og:locale\" content=\"es_ES\" \/>\r\n<meta property=\"og:type\" content=\"article\" \/>\r\n<meta property=\"og:title\" content=\"Summar en Accountex 2025: No te pierdas nuestra mesa redonda con expertos - Actualidad Summar\" \/>\r\n<meta property=\"og:description\" content=\"Los d\u00edas 5 y 6 de noviembre, Accountex Espa\u00f1a y HR Expo vuelven a reunir a los principales profesionales y empresas del sector contable, fiscal, laboral y de RR. HH. Y este a\u00f1o, nosotros, estaremos presentes. Podr\u00e1s encontrarnos en el\ud83d\udccd\ud835\ude00\ud835\ude01\ud835\uddee\ud835\uddfb\ud835\uddf1 \ud835\udfed\ud835\udfee\ud835\uddd6\ud835\udff1\ud835\udfec: IFEMA MADRID, pabell\u00f3n n\u00famero 12. Como parte del programa, [&hellip;]\" \/>\r\n<meta property=\"og:url\" content=\"https:\/\/www.summar.es\/actualidad\/ponencia-summar-accountex-2025\/\" \/>\r\n<meta property=\"og:site_name\" content=\"Actualidad Summar\" \/>\r\n<meta property=\"article:published_time\" content=\"2025-10-20T14:20:46+00:00\" \/>\r\n<meta property=\"article:modified_time\" content=\"2025-11-20T15:09:01+00:00\" \/>\r\n<meta property=\"og:image\" content=\"https:\/\/www.summar.es\/actualidad\/wp-content\/uploads\/2025\/10\/landing-diseno_Mesa-de-trabajo-1-02.png\" \/>\r\n\t<meta property=\"og:image:width\" content=\"1920\" \/>\r\n\t<meta property=\"og:image:height\" content=\"781\" \/>\r\n\t<meta property=\"og:image:type\" content=\"image\/png\" \/>\r\n<meta name=\"author\" content=\"Summar\" \/>\r\n<meta name=\"twitter:card\" content=\"summary_large_image\" \/>\r\n<meta name=\"twitter:label1\" content=\"Escrito por\" \/>\n\t<meta name=\"twitter:data1\" content=\"Summar\" \/>\n\t<meta name=\"twitter:label2\" content=\"Tiempo de lectura\" \/>\n\t<meta name=\"twitter:data2\" content=\"2 minutos\" \/>\r\n<script type=\"application\/ld+json\" class=\"yoast-schema-graph\">{\"@context\":\"https:\/\/schema.org\",\"@graph\":[{\"@type\":\"WebPage\",\"@id\":\"https:\/\/www.summar.es\/actualidad\/ponencia-summar-accountex-2025\/\",\"url\":\"https:\/\/www.summar.es\/actualidad\/ponencia-summar-accountex-2025\/\",\"name\":\"Summar en Accountex 2025: No te pierdas nuestra mesa redonda con expertos - Actualidad Summar\",\"isPartOf\":{\"@id\":\"https:\/\/www.summar.es\/actualidad\/#website\"},\"datePublished\":\"2025-10-20T14:20:46+00:00\",\"dateModified\":\"2025-11-20T15:09:01+00:00\",\"author\":{\"@id\":\"https:\/\/www.summar.es\/actualidad\/#\/schema\/person\/7028f7df395df1d62ea9a9f0c9242639\"},\"breadcrumb\":{\"@id\":\"https:\/\/www.summar.es\/actualidad\/ponencia-summar-accountex-2025\/#breadcrumb\"},\"inLanguage\":\"es\",\"potentialAction\":[{\"@type\":\"ReadAction\",\"target\":[\"https:\/\/www.summar.es\/actualidad\/ponencia-summar-accountex-2025\/\"]}]},{\"@type\":\"BreadcrumbList\",\"@id\":\"https:\/\/www.summar.es\/actualidad\/ponencia-summar-accountex-2025\/#breadcrumb\",\"itemListElement\":[{\"@type\":\"ListItem\",\"position\":1,\"name\":\"Portada\",\"item\":\"https:\/\/www.summar.es\/actualidad\/\"},{\"@type\":\"ListItem\",\"position\":2,\"name\":\"Summar en Accountex 2025: No te pierdas nuestra mesa redonda con expertos\"}]},{\"@type\":\"WebSite\",\"@id\":\"https:\/\/www.summar.es\/actualidad\/#website\",\"url\":\"https:\/\/www.summar.es\/actualidad\/\",\"name\":\"Actualidad Summar\",\"description\":\"Temas de actualidad\",\"potentialAction\":[{\"@type\":\"SearchAction\",\"target\":{\"@type\":\"EntryPoint\",\"urlTemplate\":\"https:\/\/www.summar.es\/actualidad\/?s={search_term_string}\"},\"query-input\":\"required name=search_term_string\"}],\"inLanguage\":\"es\"},{\"@type\":\"Person\",\"@id\":\"https:\/\/www.summar.es\/actualidad\/#\/schema\/person\/7028f7df395df1d62ea9a9f0c9242639\",\"name\":\"Summar\",\"sameAs\":[\"https:\/\/www2.summar.es\/noticias\"],\"url\":\"https:\/\/www.summar.es\/actualidad\/author\/summar\/\"}]}<\/script>\r\n<!-- \/ Yoast SEO plugin. -->","yoast_head_json":{"title":"Summar en Accountex 2025: No te pierdas nuestra mesa redonda con expertos - Actualidad Summar","robots":{"index":"index","follow":"follow","max-snippet":"max-snippet:-1","max-image-preview":"max-image-preview:large","max-video-preview":"max-video-preview:-1"},"canonical":"https:\/\/www.summar.es\/actualidad\/ponencia-summar-accountex-2025\/","og_locale":"es_ES","og_type":"article","og_title":"Summar en Accountex 2025: No te pierdas nuestra mesa redonda con expertos - Actualidad Summar","og_description":"Los d\u00edas 5 y 6 de noviembre, Accountex Espa\u00f1a y HR Expo vuelven a reunir a los principales profesionales y empresas del sector contable, fiscal, laboral y de RR. HH. Y este a\u00f1o, nosotros, estaremos presentes. Podr\u00e1s encontrarnos en el\ud83d\udccd\ud835\ude00\ud835\ude01\ud835\uddee\ud835\uddfb\ud835\uddf1 \ud835\udfed\ud835\udfee\ud835\uddd6\ud835\udff1\ud835\udfec: IFEMA MADRID, pabell\u00f3n n\u00famero 12. Como parte del programa, [&hellip;]","og_url":"https:\/\/www.summar.es\/actualidad\/ponencia-summar-accountex-2025\/","og_site_name":"Actualidad Summar","article_published_time":"2025-10-20T14:20:46+00:00","article_modified_time":"2025-11-20T15:09:01+00:00","og_image":[{"width":1920,"height":781,"url":"https:\/\/www.summar.es\/actualidad\/wp-content\/uploads\/2025\/10\/landing-diseno_Mesa-de-trabajo-1-02.png","type":"image\/png"}],"author":"Summar","twitter_card":"summary_large_image","twitter_misc":{"Escrito por":"Summar","Tiempo de lectura":"2 minutos"},"schema":{"@context":"https:\/\/schema.org","@graph":[{"@type":"WebPage","@id":"https:\/\/www.summar.es\/actualidad\/ponencia-summar-accountex-2025\/","url":"https:\/\/www.summar.es\/actualidad\/ponencia-summar-accountex-2025\/","name":"Summar en Accountex 2025: No te pierdas nuestra mesa redonda con expertos - Actualidad Summar","isPartOf":{"@id":"https:\/\/www.summar.es\/actualidad\/#website"},"datePublished":"2025-10-20T14:20:46+00:00","dateModified":"2025-11-20T15:09:01+00:00","author":{"@id":"https:\/\/www.summar.es\/actualidad\/#\/schema\/person\/7028f7df395df1d62ea9a9f0c9242639"},"breadcrumb":{"@id":"https:\/\/www.summar.es\/actualidad\/ponencia-summar-accountex-2025\/#breadcrumb"},"inLanguage":"es","potentialAction":[{"@type":"ReadAction","target":["https:\/\/www.summar.es\/actualidad\/ponencia-summar-accountex-2025\/"]}]},{"@type":"BreadcrumbList","@id":"https:\/\/www.summar.es\/actualidad\/ponencia-summar-accountex-2025\/#breadcrumb","itemListElement":[{"@type":"ListItem","position":1,"name":"Portada","item":"https:\/\/www.summar.es\/actualidad\/"},{"@type":"ListItem","position":2,"name":"Summar en Accountex 2025: No te pierdas nuestra mesa redonda con expertos"}]},{"@type":"WebSite","@id":"https:\/\/www.summar.es\/actualidad\/#website","url":"https:\/\/www.summar.es\/actualidad\/","name":"Actualidad Summar","description":"Temas de actualidad","potentialAction":[{"@type":"SearchAction","target":{"@type":"EntryPoint","urlTemplate":"https:\/\/www.summar.es\/actualidad\/?s={search_term_string}"},"query-input":"required name=search_term_string"}],"inLanguage":"es"},{"@type":"Person","@id":"https:\/\/www.summar.es\/actualidad\/#\/schema\/person\/7028f7df395df1d62ea9a9f0c9242639","name":"Summar","sameAs":["https:\/\/www2.summar.es\/noticias"],"url":"https:\/\/www.summar.es\/actualidad\/author\/summar\/"}]}},"_links":{"self":[{"href":"https:\/\/www.summar.es\/actualidad\/wp-json\/wp\/v2\/posts\/11161"}],"collection":[{"href":"https:\/\/www.summar.es\/actualidad\/wp-json\/wp\/v2\/posts"}],"about":[{"href":"https:\/\/www.summar.es\/actualidad\/wp-json\/wp\/v2\/types\/post"}],"author":[{"embeddable":true,"href":"https:\/\/www.summar.es\/actualidad\/wp-json\/wp\/v2\/users\/1"}],"replies":[{"embeddable":true,"href":"https:\/\/www.summar.es\/actualidad\/wp-json\/wp\/v2\/comments?post=11161"}],"version-history":[{"count":22,"href":"https:\/\/www.summar.es\/actualidad\/wp-json\/wp\/v2\/posts\/11161\/revisions"}],"predecessor-version":[{"id":11200,"href":"https:\/\/www.summar.es\/actualidad\/wp-json\/wp\/v2\/posts\/11161\/revisions\/11200"}],"wp:featuredmedia":[{"embeddable":true,"href":"https:\/\/www.summar.es\/actualidad\/wp-json\/wp\/v2\/media\/11189"}],"wp:attachment":[{"href":"https:\/\/www.summar.es\/actualidad\/wp-json\/wp\/v2\/media?parent=11161"}],"wp:term":[{"taxonomy":"category","embeddable":true,"href":"https:\/\/www.summar.es\/actualidad\/wp-json\/wp\/v2\/categories?post=11161"},{"taxonomy":"post_tag","embeddable":true,"href":"https:\/\/www.summar.es\/actualidad\/wp-json\/wp\/v2\/tags?post=11161"}],"curies":[{"name":"wp","href":"https:\/\/api.w.org\/{rel}","templated":true}]}}