{"id":4002,"date":"2021-11-16T09:22:00","date_gmt":"2021-11-16T10:22:00","guid":{"rendered":"https:\/\/www.summar.es\/actualidad\/?p=4002"},"modified":"2021-11-25T10:04:39","modified_gmt":"2021-11-25T11:04:39","slug":"subida-cotizaciones","status":"publish","type":"post","link":"https:\/\/www.summar.es\/actualidad\/subida-cotizaciones\/","title":{"rendered":"Subida de las cotizaciones para financiar las pensiones"},"content":{"rendered":"\n<p>El Gobierno lleg\u00f3 este mes a un pacto con los sindicatos UGT y CCOO sobre el Mecanismo de Equidad Intergeneracional (MEI) que sustituir\u00e1 al derogado Factor de Sostenibilidad. Con este nuevo mecanismo se pretende reforzar el sistema de pensiones y prev\u00e9 una aportaci\u00f3n de 0,6 puntos en las cotizaciones sociales al fondo de reserva a partir de 2023 y hasta 2032. <\/p>\n\n\n\n<p>La medida entrar\u00e1 en vigor a partir del pr\u00f3ximo a\u00f1o 2022, relevando al Factor de Sostenibilidad implementado en 2013. Se trata de una reforma de car\u00e1cter temporal, que tendr\u00e1 su efecto entre los a\u00f1os 2023 y 2032. Todo con el objetivo de alcanzar una recaudaci\u00f3n aproximada de 50 mil millones de euros en 2032; es decir, en un total de 10 a\u00f1os. La meta con esta subida es la garant\u00eda de las pensiones de la generaci\u00f3n conocida como el &#8216;baby boom&#8217;. 7,7 millones de espa\u00f1oles nacidos entre 1957 y 1977. A partir de 2033 se revisar\u00e1 cada tres a\u00f1os si el nivel de gasto programado para 2050 se desv\u00eda de las estimaciones.<\/p>\n\n\n\n<p>De la aportaci\u00f3n de 0.6 puntos en las cotizaciones sociales prevista por la medida, 0.5 puntos lo asumir\u00e1 la empresa y 0.1 puntos el trabajador. En la actualidad, por contingencias comunes las compa\u00f1\u00edas pagan un 23,6% de la base de cotizaci\u00f3n, que equivale al salario bruto mensual con las pagas extras, mientras que los trabajadores cotizan un 4,7%.<\/p>\n\n\n\n<p>La cotizaci\u00f3n para la empresa pasar\u00eda a ser, a falta de conocer los detalles, del 24,1% y del 4,8% para el trabajador.<\/p>\n\n\n\n<p><\/p>\n","protected":false},"excerpt":{"rendered":"<p>El Gobierno lleg\u00f3 este mes a un pacto con los sindicatos UGT y CCOO sobre el Mecanismo de Equidad Intergeneracional (MEI) que sustituir\u00e1 al derogado Factor de Sostenibilidad. Con este nuevo mecanismo se pretende reforzar el sistema de pensiones y prev\u00e9 una aportaci\u00f3n de 0,6 puntos en las cotizaciones sociales [&hellip;]<\/p>\n","protected":false},"author":1,"featured_media":4007,"comment_status":"closed","ping_status":"closed","sticky":false,"template":"","format":"standard","meta":{"footnotes":""},"categories":[6,5,18],"tags":[133,65,145],"yoast_head":"<!-- This site is optimized with the Yoast SEO plugin v21.4 - https:\/\/yoast.com\/wordpress\/plugins\/seo\/ -->\r\n<title>Subida de las cotizaciones para financiar las pensiones - Actualidad Summar<\/title>\r\n<meta name=\"description\" content=\"El Gobierno lleg\u00f3 este mes a un pacto con los sindicatos por el que legislar\u00e1 una subida en las cotizaciones sociales en un 0.6 puntos para reforzar el % sistema de pensiones.\" \/>\r\n<meta name=\"robots\" content=\"index, follow, max-snippet:-1, max-image-preview:large, max-video-preview:-1\" \/>\r\n<link rel=\"canonical\" href=\"https:\/\/www.summar.es\/actualidad\/subida-cotizaciones\/\" \/>\r\n<meta property=\"og:locale\" content=\"es_ES\" \/>\r\n<meta property=\"og:type\" content=\"article\" \/>\r\n<meta property=\"og:title\" content=\"Subida de las cotizaciones para financiar las pensiones - Actualidad Summar\" \/>\r\n<meta property=\"og:description\" content=\"El Gobierno lleg\u00f3 este mes a un pacto con los sindicatos por el que legislar\u00e1 una subida en las cotizaciones sociales en un 0.6 puntos para reforzar el % sistema de pensiones.\" \/>\r\n<meta property=\"og:url\" content=\"https:\/\/www.summar.es\/actualidad\/subida-cotizaciones\/\" \/>\r\n<meta property=\"og:site_name\" content=\"Actualidad Summar\" \/>\r\n<meta property=\"article:published_time\" content=\"2021-11-16T10:22:00+00:00\" \/>\r\n<meta property=\"article:modified_time\" content=\"2021-11-25T11:04:39+00:00\" \/>\r\n<meta property=\"og:image\" content=\"https:\/\/www.summar.es\/actualidad\/wp-content\/uploads\/2021\/11\/subida-cotizaciones.jpg\" \/>\r\n\t<meta property=\"og:image:width\" content=\"720\" \/>\r\n\t<meta property=\"og:image:height\" content=\"405\" \/>\r\n\t<meta property=\"og:image:type\" content=\"image\/jpeg\" \/>\r\n<meta name=\"author\" content=\"Summar\" \/>\r\n<meta name=\"twitter:card\" content=\"summary_large_image\" \/>\r\n<meta name=\"twitter:label1\" content=\"Escrito por\" \/>\n\t<meta name=\"twitter:data1\" content=\"Summar\" \/>\n\t<meta name=\"twitter:label2\" content=\"Tiempo de lectura\" \/>\n\t<meta name=\"twitter:data2\" content=\"2 minutos\" \/>\r\n<script type=\"application\/ld+json\" class=\"yoast-schema-graph\">{\"@context\":\"https:\/\/schema.org\",\"@graph\":[{\"@type\":\"WebPage\",\"@id\":\"https:\/\/www.summar.es\/actualidad\/subida-cotizaciones\/\",\"url\":\"https:\/\/www.summar.es\/actualidad\/subida-cotizaciones\/\",\"name\":\"Subida de las cotizaciones para financiar las pensiones - Actualidad Summar\",\"isPartOf\":{\"@id\":\"https:\/\/www.summar.es\/actualidad\/#website\"},\"datePublished\":\"2021-11-16T10:22:00+00:00\",\"dateModified\":\"2021-11-25T11:04:39+00:00\",\"author\":{\"@id\":\"https:\/\/www.summar.es\/actualidad\/#\/schema\/person\/7028f7df395df1d62ea9a9f0c9242639\"},\"description\":\"El Gobierno lleg\u00f3 este mes a un pacto con los sindicatos por el que legislar\u00e1 una subida en las cotizaciones sociales en un 0.6 puntos para reforzar el % sistema de pensiones.\",\"breadcrumb\":{\"@id\":\"https:\/\/www.summar.es\/actualidad\/subida-cotizaciones\/#breadcrumb\"},\"inLanguage\":\"es\",\"potentialAction\":[{\"@type\":\"ReadAction\",\"target\":[\"https:\/\/www.summar.es\/actualidad\/subida-cotizaciones\/\"]}]},{\"@type\":\"BreadcrumbList\",\"@id\":\"https:\/\/www.summar.es\/actualidad\/subida-cotizaciones\/#breadcrumb\",\"itemListElement\":[{\"@type\":\"ListItem\",\"position\":1,\"name\":\"Portada\",\"item\":\"https:\/\/www.summar.es\/actualidad\/\"},{\"@type\":\"ListItem\",\"position\":2,\"name\":\"Subida de las cotizaciones para financiar las pensiones\"}]},{\"@type\":\"WebSite\",\"@id\":\"https:\/\/www.summar.es\/actualidad\/#website\",\"url\":\"https:\/\/www.summar.es\/actualidad\/\",\"name\":\"Actualidad Summar\",\"description\":\"Temas de actualidad\",\"potentialAction\":[{\"@type\":\"SearchAction\",\"target\":{\"@type\":\"EntryPoint\",\"urlTemplate\":\"https:\/\/www.summar.es\/actualidad\/?s={search_term_string}\"},\"query-input\":\"required name=search_term_string\"}],\"inLanguage\":\"es\"},{\"@type\":\"Person\",\"@id\":\"https:\/\/www.summar.es\/actualidad\/#\/schema\/person\/7028f7df395df1d62ea9a9f0c9242639\",\"name\":\"Summar\",\"sameAs\":[\"https:\/\/www2.summar.es\/noticias\"],\"url\":\"https:\/\/www.summar.es\/actualidad\/author\/summar\/\"}]}<\/script>\r\n<!-- \/ Yoast SEO plugin. -->","yoast_head_json":{"title":"Subida de las cotizaciones para financiar las pensiones - Actualidad Summar","description":"El Gobierno lleg\u00f3 este mes a un pacto con los sindicatos por el que legislar\u00e1 una subida en las cotizaciones sociales en un 0.6 puntos para reforzar el % sistema de pensiones.","robots":{"index":"index","follow":"follow","max-snippet":"max-snippet:-1","max-image-preview":"max-image-preview:large","max-video-preview":"max-video-preview:-1"},"canonical":"https:\/\/www.summar.es\/actualidad\/subida-cotizaciones\/","og_locale":"es_ES","og_type":"article","og_title":"Subida de las cotizaciones para financiar las pensiones - Actualidad Summar","og_description":"El Gobierno lleg\u00f3 este mes a un pacto con los sindicatos por el que legislar\u00e1 una subida en las cotizaciones sociales en un 0.6 puntos para reforzar el % sistema de pensiones.","og_url":"https:\/\/www.summar.es\/actualidad\/subida-cotizaciones\/","og_site_name":"Actualidad Summar","article_published_time":"2021-11-16T10:22:00+00:00","article_modified_time":"2021-11-25T11:04:39+00:00","og_image":[{"width":720,"height":405,"url":"https:\/\/www.summar.es\/actualidad\/wp-content\/uploads\/2021\/11\/subida-cotizaciones.jpg","type":"image\/jpeg"}],"author":"Summar","twitter_card":"summary_large_image","twitter_misc":{"Escrito por":"Summar","Tiempo de lectura":"2 minutos"},"schema":{"@context":"https:\/\/schema.org","@graph":[{"@type":"WebPage","@id":"https:\/\/www.summar.es\/actualidad\/subida-cotizaciones\/","url":"https:\/\/www.summar.es\/actualidad\/subida-cotizaciones\/","name":"Subida de las cotizaciones para financiar las pensiones - Actualidad Summar","isPartOf":{"@id":"https:\/\/www.summar.es\/actualidad\/#website"},"datePublished":"2021-11-16T10:22:00+00:00","dateModified":"2021-11-25T11:04:39+00:00","author":{"@id":"https:\/\/www.summar.es\/actualidad\/#\/schema\/person\/7028f7df395df1d62ea9a9f0c9242639"},"description":"El Gobierno lleg\u00f3 este mes a un pacto con los sindicatos por el que legislar\u00e1 una subida en las cotizaciones sociales en un 0.6 puntos para reforzar el % sistema de pensiones.","breadcrumb":{"@id":"https:\/\/www.summar.es\/actualidad\/subida-cotizaciones\/#breadcrumb"},"inLanguage":"es","potentialAction":[{"@type":"ReadAction","target":["https:\/\/www.summar.es\/actualidad\/subida-cotizaciones\/"]}]},{"@type":"BreadcrumbList","@id":"https:\/\/www.summar.es\/actualidad\/subida-cotizaciones\/#breadcrumb","itemListElement":[{"@type":"ListItem","position":1,"name":"Portada","item":"https:\/\/www.summar.es\/actualidad\/"},{"@type":"ListItem","position":2,"name":"Subida de las cotizaciones para financiar las pensiones"}]},{"@type":"WebSite","@id":"https:\/\/www.summar.es\/actualidad\/#website","url":"https:\/\/www.summar.es\/actualidad\/","name":"Actualidad Summar","description":"Temas de actualidad","potentialAction":[{"@type":"SearchAction","target":{"@type":"EntryPoint","urlTemplate":"https:\/\/www.summar.es\/actualidad\/?s={search_term_string}"},"query-input":"required name=search_term_string"}],"inLanguage":"es"},{"@type":"Person","@id":"https:\/\/www.summar.es\/actualidad\/#\/schema\/person\/7028f7df395df1d62ea9a9f0c9242639","name":"Summar","sameAs":["https:\/\/www2.summar.es\/noticias"],"url":"https:\/\/www.summar.es\/actualidad\/author\/summar\/"}]}},"_links":{"self":[{"href":"https:\/\/www.summar.es\/actualidad\/wp-json\/wp\/v2\/posts\/4002"}],"collection":[{"href":"https:\/\/www.summar.es\/actualidad\/wp-json\/wp\/v2\/posts"}],"about":[{"href":"https:\/\/www.summar.es\/actualidad\/wp-json\/wp\/v2\/types\/post"}],"author":[{"embeddable":true,"href":"https:\/\/www.summar.es\/actualidad\/wp-json\/wp\/v2\/users\/1"}],"replies":[{"embeddable":true,"href":"https:\/\/www.summar.es\/actualidad\/wp-json\/wp\/v2\/comments?post=4002"}],"version-history":[{"count":2,"href":"https:\/\/www.summar.es\/actualidad\/wp-json\/wp\/v2\/posts\/4002\/revisions"}],"predecessor-version":[{"id":4008,"href":"https:\/\/www.summar.es\/actualidad\/wp-json\/wp\/v2\/posts\/4002\/revisions\/4008"}],"wp:featuredmedia":[{"embeddable":true,"href":"https:\/\/www.summar.es\/actualidad\/wp-json\/wp\/v2\/media\/4007"}],"wp:attachment":[{"href":"https:\/\/www.summar.es\/actualidad\/wp-json\/wp\/v2\/media?parent=4002"}],"wp:term":[{"taxonomy":"category","embeddable":true,"href":"https:\/\/www.summar.es\/actualidad\/wp-json\/wp\/v2\/categories?post=4002"},{"taxonomy":"post_tag","embeddable":true,"href":"https:\/\/www.summar.es\/actualidad\/wp-json\/wp\/v2\/tags?post=4002"}],"curies":[{"name":"wp","href":"https:\/\/api.w.org\/{rel}","templated":true}]}}