{"id":5511,"date":"2023-01-04T06:47:29","date_gmt":"2023-01-04T07:47:29","guid":{"rendered":"https:\/\/www.summar.es\/actualidad\/?p=5511"},"modified":"2023-01-04T06:54:31","modified_gmt":"2023-01-04T07:54:31","slug":"autonomos-paro-2023","status":"publish","type":"post","link":"https:\/\/www.summar.es\/actualidad\/autonomos-paro-2023\/","title":{"rendered":"Paro en los Aut\u00f3nomos. Todo lo que cambia este 2023"},"content":{"rendered":"\n<p>Gu\u00eda sobre el nuevo sistema de cuotas de aut\u00f3nomos que comienza en 2023. Lo que debes saber sobre los cambios en el paro de los aut\u00f3nomos que entra en vigor este a\u00f1o.<\/p>\n\n\n\n<h2 class=\"wp-block-heading\"><strong>Prestaci\u00f3n por cese<\/strong><\/h2>\n\n\n\n<p>A partir de enero de 2023, los aut\u00f3nomos cotizar\u00e1n obligatoriamente por la contingencia de cese de actividad. <\/p>\n\n\n\n<p>Hasta este momento, el cese de actividad pod\u00eda ser definitivo o temporal seg\u00fan se cumplieran los siguientes requisitos:<\/p>\n\n\n\n<ul><li>El cese era definitivo si el aut\u00f3nomo ten\u00eda que cerrar su empresa y, como consecuencia, darse de baja en el RETA.<\/li><li>El cese se consideraba temporal, cuando supon\u00eda interrumpir las actividades que originaron el alta en el RETA.<\/li><\/ul>\n\n\n\n<p>Para tener derecho a la prestaci\u00f3n por cese de actividad, el aut\u00f3nomo debe cumplir las caracter\u00edsticas siguientes:<\/p>\n\n\n\n<ul><li>Cotizaci\u00f3n de al menos 12 meses por la contingencia de cese de actividad.<\/li><li>Estar al corriente en el pago de las cuotas a la Seguridad Social.<\/li><li>Si se trata de un cese definitivo, no puede haber superado la edad de jubilaci\u00f3n que, en 2022 es de 66&nbsp;a\u00f1os y 2 meses (66 a\u00f1os y 4 meses en 2023) o bien de 65 a\u00f1os si se han cotizado al menos 37 a\u00f1os y 6 meses (37 a\u00f1os y 9 meses en 2023).<\/li><\/ul>\n\n\n\n<p>El aut\u00f3nomo deber\u00e1 tener reconocida de forma legal el cese de actividad. Para ello deber\u00e1 acreditar causas t\u00e9cnicas, econ\u00f3micas, productivas u organizativas que impidan el desarrollo de la actividad. A estos efectos, se entender\u00e1 que existen motivos econ\u00f3micos, t\u00e9cnicos, productivos u organizativos cuando concurra alguna de las circunstancias siguientes:<\/p>\n\n\n\n<ul><li>Si sufre p\u00e9rdidas superiores al 10% de los ingresos en un a\u00f1o, excluido el primer a\u00f1o de la actividad.<\/li><li>Si hay impagados por valor del 30% de los ingresos.<\/li><li>Si se produce la declaraci\u00f3n judicial de concurso que impida continuar con la actividad.<\/li><\/ul>\n\n\n\n<h3 class=\"wp-block-heading\"><strong>Nuevas causas<\/strong> para acogerse al paro por parte de los aut\u00f3nomos<\/h3>\n\n\n\n<p>A partir de este a\u00f1o, tambi\u00e9n se considerar\u00e1 que existen causas econ\u00f3micas, t\u00e9cnicas, productivas u organizativas en caso de ERTE o de incurrir en deudas.<\/p>\n\n\n\n<p><strong>Por causa de ERTE.<\/strong>&nbsp;<\/p>\n\n\n\n<p>As\u00ed, se considera causa ETOP la tramitaci\u00f3n de un ERTE cuando se produce o bien la reducci\u00f3n del 60% de la jornada de todos los trabajadores por cuenta ajena que tenga contratados el aut\u00f3nomo o bien la suspensi\u00f3n temporal de los contratos de trabajo de al menos el 60% de los trabajadores. Adem\u00e1s, deben cumplirse los siguientes requisitos:<\/p>\n\n\n\n<ul><li>En los dos trimestres fiscales previos, el nivel de ingresos ordinarios o de ventas debe haberse reducido en un 75% respecto a los registrados en los mismos per\u00edodos del ejercicio (o ejercicios) anterior.<\/li><li>Los rendimientos netos mensuales del aut\u00f3nomo durante esos trimestres no deben alcanzar el salario m\u00ednimo interprofesional (SMI) o la base por la que viniera cotizando (si \u00e9sta fuera inferior).<\/li><\/ul>\n\n\n\n<p><strong>Por incurrir en Deudas.<\/strong>&nbsp;<\/p>\n\n\n\n<p>En el caso de los aut\u00f3nomos que no tengan trabajadores asalariados, es causa ETOP el mantenimiento de deudas exigibles con acreedores cuyo importe supere el 150% de los ingresos ordinarios o de las ventas de los dos trimestres fiscales previos a la solicitud, y que estos ingresos o ventas supongan a su vez una reducci\u00f3n del 75% respecto de los mismos per\u00edodos del ejercicio o de ejercicios anteriores.<\/p>\n\n\n\n<p>No se computar\u00e1n las deudas que el aut\u00f3nomo mantenga por incumplimiento de sus obligaciones con la Seguridad Social o con la Administraci\u00f3n tributaria. Se exigir\u00e1 que los rendimientos netos mensuales de esos trimestres, por todas las actividades que desarrolle, no alcancen la cuant\u00eda del SMI o la de la base por la que viniera cotizando (si \u00e9sta fuera inferior).<\/p>\n\n\n\n<p>Si un aut\u00f3nomo accede a esta prestaci\u00f3n acreditando alguno de estos dos nuevos supuestos, tenga en cuenta lo siguiente:<\/p>\n\n\n\n<ul><li>No ser\u00e1 necesario el cierre del establecimiento abierto al p\u00fablico o su transmisi\u00f3n a terceros. Es decir, podr\u00e1 continuar con su actividad mientras percibe la prestaci\u00f3n. Eso s\u00ed: los rendimientos netos mensuales obtenidos durante la percepci\u00f3n no pueden ser superiores al SMI o al importe de la base por la que viniera cotizando (si \u00e9sta fuera inferior).<\/li><li>Deber\u00e1 hacerse cargo del 50% de las cuotas del RETA que correspondan durante la percepci\u00f3n de la prestaci\u00f3n (en el resto de los supuestos en los que se cobra la prestaci\u00f3n por cese de actividad, el \u00f3rgano gestor asume \u00edntegramente las cotizaciones, salvo si el cese se produce por violencia de g\u00e9nero, en cuyo caso no hay obligaci\u00f3n de cotizar).<\/li><li>No podr\u00e1 ejercer otra actividad \u2013salvo situaci\u00f3n de pluriactividad\u2013 en el momento de acceder a la prestaci\u00f3n. En tal caso, \u00e9sta es compatible con el trabajo por cuenta ajena si la suma de la retribuci\u00f3n mensual media de los \u00faltimos cuatro meses es inferior al SMI.<\/li><\/ul>\n\n\n\n<h3 class=\"wp-block-heading\"><strong>Fuerza mayor y otras causas<\/strong><\/h3>\n\n\n\n<p>Tambi\u00e9n supone causa legal de cese de actividad la fuerza mayor que sea determinante en el cese temporal o definitivo de la actividad econ\u00f3mica o profesional.<\/p>\n\n\n\n<p>La nueva ley indica que se entender\u00e1 que existen motivos de fuerza mayor en el cese temporal parcial cuando la interrupci\u00f3n de la actividad de la empresa afecte a un sector o a un centro de trabajo, exista una declaraci\u00f3n de emergencia adoptada por la autoridad p\u00fablica competente, o bien se produzca una ca\u00edda de ingresos del 75% de la actividad de la empresa con relaci\u00f3n al mismo per\u00edodo del a\u00f1o anterior y los ingresos mensuales del trabajador aut\u00f3nomo no alcancen el SMI o el importe de la base por la que viniera cotizando (si \u00e9sta fuera inferior).<\/p>\n\n\n\n<p>Siguen siendo causas que suponen que el aut\u00f3nomo se encuentre en situaci\u00f3n de cese de actividad la p\u00e9rdida de la licencia administrativa que sea necesaria para la actividad, la violencia de g\u00e9nero que suponga el cese de la actividad de la aut\u00f3noma, o bien el divorcio o la separaci\u00f3n si un aut\u00f3nomo ejerc\u00eda funciones de apoyo en el negocio de su exc\u00f3nyuge.<\/p>\n","protected":false},"excerpt":{"rendered":"<p>Gu\u00eda sobre el nuevo sistema de cuotas de aut\u00f3nomos que comienza en 2023. Lo que debes saber sobre los cambios en el paro de los aut\u00f3nomos que entra en vigor este a\u00f1o. Prestaci\u00f3n por cese A partir de enero de 2023, los aut\u00f3nomos cotizar\u00e1n obligatoriamente por la contingencia de cese [&hellip;]<\/p>\n","protected":false},"author":1,"featured_media":5514,"comment_status":"closed","ping_status":"closed","sticky":false,"template":"","format":"standard","meta":{"footnotes":""},"categories":[99,6,3,112,111],"tags":[101,117],"yoast_head":"<!-- This site is optimized with the Yoast SEO plugin v21.4 - https:\/\/yoast.com\/wordpress\/plugins\/seo\/ -->\r\n<title>Paro en los Aut\u00f3nomos. Todo lo que cambia este 2023 - Actualidad Summar<\/title>\r\n<meta name=\"robots\" content=\"index, follow, max-snippet:-1, max-image-preview:large, max-video-preview:-1\" \/>\r\n<link rel=\"canonical\" href=\"https:\/\/www.summar.es\/actualidad\/autonomos-paro-2023\/\" \/>\r\n<meta property=\"og:locale\" content=\"es_ES\" \/>\r\n<meta property=\"og:type\" content=\"article\" \/>\r\n<meta property=\"og:title\" content=\"Paro en los Aut\u00f3nomos. Todo lo que cambia este 2023 - Actualidad Summar\" \/>\r\n<meta property=\"og:description\" content=\"Gu\u00eda sobre el nuevo sistema de cuotas de aut\u00f3nomos que comienza en 2023. Lo que debes saber sobre los cambios en el paro de los aut\u00f3nomos que entra en vigor este a\u00f1o. Prestaci\u00f3n por cese A partir de enero de 2023, los aut\u00f3nomos cotizar\u00e1n obligatoriamente por la contingencia de cese [&hellip;]\" \/>\r\n<meta property=\"og:url\" content=\"https:\/\/www.summar.es\/actualidad\/autonomos-paro-2023\/\" \/>\r\n<meta property=\"og:site_name\" content=\"Actualidad Summar\" \/>\r\n<meta property=\"article:published_time\" content=\"2023-01-04T07:47:29+00:00\" \/>\r\n<meta property=\"article:modified_time\" content=\"2023-01-04T07:54:31+00:00\" \/>\r\n<meta property=\"og:image\" content=\"https:\/\/www.summar.es\/actualidad\/wp-content\/uploads\/2023\/01\/paro-autonomos.jpg\" \/>\r\n\t<meta property=\"og:image:width\" content=\"870\" \/>\r\n\t<meta property=\"og:image:height\" content=\"580\" \/>\r\n\t<meta property=\"og:image:type\" content=\"image\/jpeg\" \/>\r\n<meta name=\"author\" content=\"Summar\" \/>\r\n<meta name=\"twitter:card\" content=\"summary_large_image\" \/>\r\n<meta name=\"twitter:label1\" content=\"Escrito por\" \/>\n\t<meta name=\"twitter:data1\" content=\"Summar\" \/>\n\t<meta name=\"twitter:label2\" content=\"Tiempo de lectura\" \/>\n\t<meta name=\"twitter:data2\" content=\"5 minutos\" \/>\r\n<script type=\"application\/ld+json\" class=\"yoast-schema-graph\">{\"@context\":\"https:\/\/schema.org\",\"@graph\":[{\"@type\":\"WebPage\",\"@id\":\"https:\/\/www.summar.es\/actualidad\/autonomos-paro-2023\/\",\"url\":\"https:\/\/www.summar.es\/actualidad\/autonomos-paro-2023\/\",\"name\":\"Paro en los Aut\u00f3nomos. Todo lo que cambia este 2023 - Actualidad Summar\",\"isPartOf\":{\"@id\":\"https:\/\/www.summar.es\/actualidad\/#website\"},\"datePublished\":\"2023-01-04T07:47:29+00:00\",\"dateModified\":\"2023-01-04T07:54:31+00:00\",\"author\":{\"@id\":\"https:\/\/www.summar.es\/actualidad\/#\/schema\/person\/7028f7df395df1d62ea9a9f0c9242639\"},\"breadcrumb\":{\"@id\":\"https:\/\/www.summar.es\/actualidad\/autonomos-paro-2023\/#breadcrumb\"},\"inLanguage\":\"es\",\"potentialAction\":[{\"@type\":\"ReadAction\",\"target\":[\"https:\/\/www.summar.es\/actualidad\/autonomos-paro-2023\/\"]}]},{\"@type\":\"BreadcrumbList\",\"@id\":\"https:\/\/www.summar.es\/actualidad\/autonomos-paro-2023\/#breadcrumb\",\"itemListElement\":[{\"@type\":\"ListItem\",\"position\":1,\"name\":\"Portada\",\"item\":\"https:\/\/www.summar.es\/actualidad\/\"},{\"@type\":\"ListItem\",\"position\":2,\"name\":\"Paro en los Aut\u00f3nomos. Todo lo que cambia este 2023\"}]},{\"@type\":\"WebSite\",\"@id\":\"https:\/\/www.summar.es\/actualidad\/#website\",\"url\":\"https:\/\/www.summar.es\/actualidad\/\",\"name\":\"Actualidad Summar\",\"description\":\"Temas de actualidad\",\"potentialAction\":[{\"@type\":\"SearchAction\",\"target\":{\"@type\":\"EntryPoint\",\"urlTemplate\":\"https:\/\/www.summar.es\/actualidad\/?s={search_term_string}\"},\"query-input\":\"required name=search_term_string\"}],\"inLanguage\":\"es\"},{\"@type\":\"Person\",\"@id\":\"https:\/\/www.summar.es\/actualidad\/#\/schema\/person\/7028f7df395df1d62ea9a9f0c9242639\",\"name\":\"Summar\",\"sameAs\":[\"https:\/\/www2.summar.es\/noticias\"],\"url\":\"https:\/\/www.summar.es\/actualidad\/author\/summar\/\"}]}<\/script>\r\n<!-- \/ Yoast SEO plugin. -->","yoast_head_json":{"title":"Paro en los Aut\u00f3nomos. Todo lo que cambia este 2023 - Actualidad Summar","robots":{"index":"index","follow":"follow","max-snippet":"max-snippet:-1","max-image-preview":"max-image-preview:large","max-video-preview":"max-video-preview:-1"},"canonical":"https:\/\/www.summar.es\/actualidad\/autonomos-paro-2023\/","og_locale":"es_ES","og_type":"article","og_title":"Paro en los Aut\u00f3nomos. Todo lo que cambia este 2023 - Actualidad Summar","og_description":"Gu\u00eda sobre el nuevo sistema de cuotas de aut\u00f3nomos que comienza en 2023. Lo que debes saber sobre los cambios en el paro de los aut\u00f3nomos que entra en vigor este a\u00f1o. Prestaci\u00f3n por cese A partir de enero de 2023, los aut\u00f3nomos cotizar\u00e1n obligatoriamente por la contingencia de cese [&hellip;]","og_url":"https:\/\/www.summar.es\/actualidad\/autonomos-paro-2023\/","og_site_name":"Actualidad Summar","article_published_time":"2023-01-04T07:47:29+00:00","article_modified_time":"2023-01-04T07:54:31+00:00","og_image":[{"width":870,"height":580,"url":"https:\/\/www.summar.es\/actualidad\/wp-content\/uploads\/2023\/01\/paro-autonomos.jpg","type":"image\/jpeg"}],"author":"Summar","twitter_card":"summary_large_image","twitter_misc":{"Escrito por":"Summar","Tiempo de lectura":"5 minutos"},"schema":{"@context":"https:\/\/schema.org","@graph":[{"@type":"WebPage","@id":"https:\/\/www.summar.es\/actualidad\/autonomos-paro-2023\/","url":"https:\/\/www.summar.es\/actualidad\/autonomos-paro-2023\/","name":"Paro en los Aut\u00f3nomos. Todo lo que cambia este 2023 - Actualidad Summar","isPartOf":{"@id":"https:\/\/www.summar.es\/actualidad\/#website"},"datePublished":"2023-01-04T07:47:29+00:00","dateModified":"2023-01-04T07:54:31+00:00","author":{"@id":"https:\/\/www.summar.es\/actualidad\/#\/schema\/person\/7028f7df395df1d62ea9a9f0c9242639"},"breadcrumb":{"@id":"https:\/\/www.summar.es\/actualidad\/autonomos-paro-2023\/#breadcrumb"},"inLanguage":"es","potentialAction":[{"@type":"ReadAction","target":["https:\/\/www.summar.es\/actualidad\/autonomos-paro-2023\/"]}]},{"@type":"BreadcrumbList","@id":"https:\/\/www.summar.es\/actualidad\/autonomos-paro-2023\/#breadcrumb","itemListElement":[{"@type":"ListItem","position":1,"name":"Portada","item":"https:\/\/www.summar.es\/actualidad\/"},{"@type":"ListItem","position":2,"name":"Paro en los Aut\u00f3nomos. Todo lo que cambia este 2023"}]},{"@type":"WebSite","@id":"https:\/\/www.summar.es\/actualidad\/#website","url":"https:\/\/www.summar.es\/actualidad\/","name":"Actualidad Summar","description":"Temas de actualidad","potentialAction":[{"@type":"SearchAction","target":{"@type":"EntryPoint","urlTemplate":"https:\/\/www.summar.es\/actualidad\/?s={search_term_string}"},"query-input":"required name=search_term_string"}],"inLanguage":"es"},{"@type":"Person","@id":"https:\/\/www.summar.es\/actualidad\/#\/schema\/person\/7028f7df395df1d62ea9a9f0c9242639","name":"Summar","sameAs":["https:\/\/www2.summar.es\/noticias"],"url":"https:\/\/www.summar.es\/actualidad\/author\/summar\/"}]}},"_links":{"self":[{"href":"https:\/\/www.summar.es\/actualidad\/wp-json\/wp\/v2\/posts\/5511"}],"collection":[{"href":"https:\/\/www.summar.es\/actualidad\/wp-json\/wp\/v2\/posts"}],"about":[{"href":"https:\/\/www.summar.es\/actualidad\/wp-json\/wp\/v2\/types\/post"}],"author":[{"embeddable":true,"href":"https:\/\/www.summar.es\/actualidad\/wp-json\/wp\/v2\/users\/1"}],"replies":[{"embeddable":true,"href":"https:\/\/www.summar.es\/actualidad\/wp-json\/wp\/v2\/comments?post=5511"}],"version-history":[{"count":6,"href":"https:\/\/www.summar.es\/actualidad\/wp-json\/wp\/v2\/posts\/5511\/revisions"}],"predecessor-version":[{"id":5519,"href":"https:\/\/www.summar.es\/actualidad\/wp-json\/wp\/v2\/posts\/5511\/revisions\/5519"}],"wp:featuredmedia":[{"embeddable":true,"href":"https:\/\/www.summar.es\/actualidad\/wp-json\/wp\/v2\/media\/5514"}],"wp:attachment":[{"href":"https:\/\/www.summar.es\/actualidad\/wp-json\/wp\/v2\/media?parent=5511"}],"wp:term":[{"taxonomy":"category","embeddable":true,"href":"https:\/\/www.summar.es\/actualidad\/wp-json\/wp\/v2\/categories?post=5511"},{"taxonomy":"post_tag","embeddable":true,"href":"https:\/\/www.summar.es\/actualidad\/wp-json\/wp\/v2\/tags?post=5511"}],"curies":[{"name":"wp","href":"https:\/\/api.w.org\/{rel}","templated":true}]}}