{"id":7080,"date":"2024-02-01T10:51:14","date_gmt":"2024-02-01T11:51:14","guid":{"rendered":"https:\/\/www.summar.es\/actualidad\/?p=7080"},"modified":"2024-02-01T12:45:48","modified_gmt":"2024-02-01T13:45:48","slug":"procedimientos-tecnologia-en-gestion-de-despachos","status":"publish","type":"post","link":"https:\/\/www.summar.es\/actualidad\/procedimientos-tecnologia-en-gestion-de-despachos\/","title":{"rendered":"Summar, en la sesi\u00f3n online Procedimientos y Tecnolog\u00eda, cara a cara: Retos en la gesti\u00f3n de despachos"},"content":{"rendered":"\n<p><strong>Summar <\/strong>participar\u00e1 como ponente, el pr\u00f3ximo <strong>15 de febrero<\/strong>, en la sesi\u00f3n online de Conocimiento Directivo Despachos Profesionales &#8216;<strong>Procedimientos y Tecnolog\u00eda, cara a cara | Retos en la gesti\u00f3n de despachos<\/strong>&#8216;. En esta sesi\u00f3n, organizada por <strong>Amado Consultores<\/strong>, se busca identificar y clarificar las cuestiones actuales m\u00e1s relevantes en la gesti\u00f3n de un despacho profesional:<\/p>\n\n\n\n<ul>\n<li>Comunicaci\u00f3n con Clientes<\/li>\n\n\n\n<li>Producci\u00f3n de servicios<\/li>\n\n\n\n<li>Gesti\u00f3n Interna<\/li>\n<\/ul>\n\n\n\n<p>En la sesi\u00f3n, se abordar\u00e1n estos temas desde tres puntos de vista: el de un directivo de un despacho (<a href=\"https:\/\/sellaresga.com\/\">Sellar\u00e8s Asesores<\/a>), el de un directivo de un fabricante de software (<a href=\"https:\/\/www.summar.es\/\">Summar<\/a>) y el de un consultor de organizaci\u00f3n (<a href=\"https:\/\/www.amadoconsultores.com\/conocimiento-directivo\/\">Amado Consultores<\/a>).<\/p>\n\n\n\n<p>Puedes acceder a la agenda de la sesi\u00f3n y a la informaci\u00f3n de la inscripci\u00f3n en el siguiente enlace<\/p>\n\n\n\n<div class=\"wp-block-buttons is-content-justification-center is-layout-flex wp-container-1 wp-block-buttons-is-layout-flex\">\n<div class=\"wp-block-button is-style-outline\"><a class=\"wp-block-button__link has-white-color has-luminous-vivid-orange-background-color has-text-color has-background has-text-align-center wp-element-button\" href=\"https:\/\/us12.campaign-archive.com\/?u=5136de583f410a2b5636b8c31&amp;id=2d97a884da\" style=\"border-radius:0px\" target=\"_blank\" rel=\"noreferrer noopener\">INFORMACI\u00d3N E INSCRIPCI\u00d3N A LA SESI\u00d3N<\/a><\/div>\n<\/div>\n","protected":false},"excerpt":{"rendered":"<p>Summar participar\u00e1 como ponente, el pr\u00f3ximo 15 de febrero, en la sesi\u00f3n online de Conocimiento Directivo Despachos Profesionales &#8216;Procedimientos y Tecnolog\u00eda, cara a cara | Retos en la gesti\u00f3n de despachos&#8216;. En esta sesi\u00f3n, organizada por Amado Consultores, se busca identificar y clarificar las cuestiones actuales m\u00e1s relevantes en la [&hellip;]<\/p>\n","protected":false},"author":1,"featured_media":7082,"comment_status":"closed","ping_status":"closed","sticky":false,"template":"","format":"standard","meta":{"footnotes":""},"categories":[7,99,56,6],"tags":[196,194,195],"yoast_head":"<!-- This site is optimized with the Yoast SEO plugin v21.4 - https:\/\/yoast.com\/wordpress\/plugins\/seo\/ -->\r\n<title>Summar, en la sesi\u00f3n online Procedimientos y Tecnolog\u00eda, cara a cara: Retos en la gesti\u00f3n de despachos - Actualidad Summar<\/title>\r\n<meta name=\"description\" content=\"Summar estar\u00e1 presente, el pr\u00f3ximo 15 de febrero, en la sesi\u00f3n online de Conocimiento Directivo Despachos Profesionales &#039;Procedimientos y Tecnolog\u00eda, cara a cara | Retos en la gesti\u00f3n de despachos&#039;.\" \/>\r\n<meta name=\"robots\" content=\"index, follow, max-snippet:-1, max-image-preview:large, max-video-preview:-1\" \/>\r\n<link rel=\"canonical\" href=\"https:\/\/www.summar.es\/actualidad\/procedimientos-tecnologia-en-gestion-de-despachos\/\" \/>\r\n<meta property=\"og:locale\" content=\"es_ES\" \/>\r\n<meta property=\"og:type\" content=\"article\" \/>\r\n<meta property=\"og:title\" content=\"Summar, en la sesi\u00f3n online Procedimientos y Tecnolog\u00eda, cara a cara: Retos en la gesti\u00f3n de despachos - Actualidad Summar\" \/>\r\n<meta property=\"og:description\" content=\"Summar estar\u00e1 presente, el pr\u00f3ximo 15 de febrero, en la sesi\u00f3n online de Conocimiento Directivo Despachos Profesionales &#039;Procedimientos y Tecnolog\u00eda, cara a cara | Retos en la gesti\u00f3n de despachos&#039;.\" \/>\r\n<meta property=\"og:url\" content=\"https:\/\/www.summar.es\/actualidad\/procedimientos-tecnologia-en-gestion-de-despachos\/\" \/>\r\n<meta property=\"og:site_name\" content=\"Actualidad Summar\" \/>\r\n<meta property=\"article:published_time\" content=\"2024-02-01T11:51:14+00:00\" \/>\r\n<meta property=\"article:modified_time\" content=\"2024-02-01T13:45:48+00:00\" \/>\r\n<meta property=\"og:image\" content=\"https:\/\/www.summar.es\/actualidad\/wp-content\/uploads\/2024\/02\/Recurso-1WEBINAR-SUMMAR.png\" \/>\r\n\t<meta property=\"og:image:width\" content=\"8645\" \/>\r\n\t<meta property=\"og:image:height\" content=\"5577\" \/>\r\n\t<meta property=\"og:image:type\" content=\"image\/png\" \/>\r\n<meta name=\"author\" content=\"Summar\" \/>\r\n<meta name=\"twitter:card\" content=\"summary_large_image\" \/>\r\n<meta name=\"twitter:label1\" content=\"Escrito por\" \/>\n\t<meta name=\"twitter:data1\" content=\"Summar\" \/>\n\t<meta name=\"twitter:label2\" content=\"Tiempo de lectura\" \/>\n\t<meta name=\"twitter:data2\" content=\"1 minuto\" \/>\r\n<script type=\"application\/ld+json\" class=\"yoast-schema-graph\">{\"@context\":\"https:\/\/schema.org\",\"@graph\":[{\"@type\":\"WebPage\",\"@id\":\"https:\/\/www.summar.es\/actualidad\/procedimientos-tecnologia-en-gestion-de-despachos\/\",\"url\":\"https:\/\/www.summar.es\/actualidad\/procedimientos-tecnologia-en-gestion-de-despachos\/\",\"name\":\"Summar, en la sesi\u00f3n online Procedimientos y Tecnolog\u00eda, cara a cara: Retos en la gesti\u00f3n de despachos - Actualidad Summar\",\"isPartOf\":{\"@id\":\"https:\/\/www.summar.es\/actualidad\/#website\"},\"datePublished\":\"2024-02-01T11:51:14+00:00\",\"dateModified\":\"2024-02-01T13:45:48+00:00\",\"author\":{\"@id\":\"https:\/\/www.summar.es\/actualidad\/#\/schema\/person\/7028f7df395df1d62ea9a9f0c9242639\"},\"description\":\"Summar estar\u00e1 presente, el pr\u00f3ximo 15 de febrero, en la sesi\u00f3n online de Conocimiento Directivo Despachos Profesionales 'Procedimientos y Tecnolog\u00eda, cara a cara | Retos en la gesti\u00f3n de despachos'.\",\"breadcrumb\":{\"@id\":\"https:\/\/www.summar.es\/actualidad\/procedimientos-tecnologia-en-gestion-de-despachos\/#breadcrumb\"},\"inLanguage\":\"es\",\"potentialAction\":[{\"@type\":\"ReadAction\",\"target\":[\"https:\/\/www.summar.es\/actualidad\/procedimientos-tecnologia-en-gestion-de-despachos\/\"]}]},{\"@type\":\"BreadcrumbList\",\"@id\":\"https:\/\/www.summar.es\/actualidad\/procedimientos-tecnologia-en-gestion-de-despachos\/#breadcrumb\",\"itemListElement\":[{\"@type\":\"ListItem\",\"position\":1,\"name\":\"Portada\",\"item\":\"https:\/\/www.summar.es\/actualidad\/\"},{\"@type\":\"ListItem\",\"position\":2,\"name\":\"Summar, en la sesi\u00f3n online Procedimientos y Tecnolog\u00eda, cara a cara: Retos en la gesti\u00f3n de despachos\"}]},{\"@type\":\"WebSite\",\"@id\":\"https:\/\/www.summar.es\/actualidad\/#website\",\"url\":\"https:\/\/www.summar.es\/actualidad\/\",\"name\":\"Actualidad Summar\",\"description\":\"Temas de actualidad\",\"potentialAction\":[{\"@type\":\"SearchAction\",\"target\":{\"@type\":\"EntryPoint\",\"urlTemplate\":\"https:\/\/www.summar.es\/actualidad\/?s={search_term_string}\"},\"query-input\":\"required name=search_term_string\"}],\"inLanguage\":\"es\"},{\"@type\":\"Person\",\"@id\":\"https:\/\/www.summar.es\/actualidad\/#\/schema\/person\/7028f7df395df1d62ea9a9f0c9242639\",\"name\":\"Summar\",\"sameAs\":[\"https:\/\/www2.summar.es\/noticias\"],\"url\":\"https:\/\/www.summar.es\/actualidad\/author\/summar\/\"}]}<\/script>\r\n<!-- \/ Yoast SEO plugin. -->","yoast_head_json":{"title":"Summar, en la sesi\u00f3n online Procedimientos y Tecnolog\u00eda, cara a cara: Retos en la gesti\u00f3n de despachos - Actualidad Summar","description":"Summar estar\u00e1 presente, el pr\u00f3ximo 15 de febrero, en la sesi\u00f3n online de Conocimiento Directivo Despachos Profesionales 'Procedimientos y Tecnolog\u00eda, cara a cara | Retos en la gesti\u00f3n de despachos'.","robots":{"index":"index","follow":"follow","max-snippet":"max-snippet:-1","max-image-preview":"max-image-preview:large","max-video-preview":"max-video-preview:-1"},"canonical":"https:\/\/www.summar.es\/actualidad\/procedimientos-tecnologia-en-gestion-de-despachos\/","og_locale":"es_ES","og_type":"article","og_title":"Summar, en la sesi\u00f3n online Procedimientos y Tecnolog\u00eda, cara a cara: Retos en la gesti\u00f3n de despachos - Actualidad Summar","og_description":"Summar estar\u00e1 presente, el pr\u00f3ximo 15 de febrero, en la sesi\u00f3n online de Conocimiento Directivo Despachos Profesionales 'Procedimientos y Tecnolog\u00eda, cara a cara | Retos en la gesti\u00f3n de despachos'.","og_url":"https:\/\/www.summar.es\/actualidad\/procedimientos-tecnologia-en-gestion-de-despachos\/","og_site_name":"Actualidad Summar","article_published_time":"2024-02-01T11:51:14+00:00","article_modified_time":"2024-02-01T13:45:48+00:00","og_image":[{"width":8645,"height":5577,"url":"https:\/\/www.summar.es\/actualidad\/wp-content\/uploads\/2024\/02\/Recurso-1WEBINAR-SUMMAR.png","type":"image\/png"}],"author":"Summar","twitter_card":"summary_large_image","twitter_misc":{"Escrito por":"Summar","Tiempo de lectura":"1 minuto"},"schema":{"@context":"https:\/\/schema.org","@graph":[{"@type":"WebPage","@id":"https:\/\/www.summar.es\/actualidad\/procedimientos-tecnologia-en-gestion-de-despachos\/","url":"https:\/\/www.summar.es\/actualidad\/procedimientos-tecnologia-en-gestion-de-despachos\/","name":"Summar, en la sesi\u00f3n online Procedimientos y Tecnolog\u00eda, cara a cara: Retos en la gesti\u00f3n de despachos - Actualidad Summar","isPartOf":{"@id":"https:\/\/www.summar.es\/actualidad\/#website"},"datePublished":"2024-02-01T11:51:14+00:00","dateModified":"2024-02-01T13:45:48+00:00","author":{"@id":"https:\/\/www.summar.es\/actualidad\/#\/schema\/person\/7028f7df395df1d62ea9a9f0c9242639"},"description":"Summar estar\u00e1 presente, el pr\u00f3ximo 15 de febrero, en la sesi\u00f3n online de Conocimiento Directivo Despachos Profesionales 'Procedimientos y Tecnolog\u00eda, cara a cara | Retos en la gesti\u00f3n de despachos'.","breadcrumb":{"@id":"https:\/\/www.summar.es\/actualidad\/procedimientos-tecnologia-en-gestion-de-despachos\/#breadcrumb"},"inLanguage":"es","potentialAction":[{"@type":"ReadAction","target":["https:\/\/www.summar.es\/actualidad\/procedimientos-tecnologia-en-gestion-de-despachos\/"]}]},{"@type":"BreadcrumbList","@id":"https:\/\/www.summar.es\/actualidad\/procedimientos-tecnologia-en-gestion-de-despachos\/#breadcrumb","itemListElement":[{"@type":"ListItem","position":1,"name":"Portada","item":"https:\/\/www.summar.es\/actualidad\/"},{"@type":"ListItem","position":2,"name":"Summar, en la sesi\u00f3n online Procedimientos y Tecnolog\u00eda, cara a cara: Retos en la gesti\u00f3n de despachos"}]},{"@type":"WebSite","@id":"https:\/\/www.summar.es\/actualidad\/#website","url":"https:\/\/www.summar.es\/actualidad\/","name":"Actualidad Summar","description":"Temas de actualidad","potentialAction":[{"@type":"SearchAction","target":{"@type":"EntryPoint","urlTemplate":"https:\/\/www.summar.es\/actualidad\/?s={search_term_string}"},"query-input":"required name=search_term_string"}],"inLanguage":"es"},{"@type":"Person","@id":"https:\/\/www.summar.es\/actualidad\/#\/schema\/person\/7028f7df395df1d62ea9a9f0c9242639","name":"Summar","sameAs":["https:\/\/www2.summar.es\/noticias"],"url":"https:\/\/www.summar.es\/actualidad\/author\/summar\/"}]}},"_links":{"self":[{"href":"https:\/\/www.summar.es\/actualidad\/wp-json\/wp\/v2\/posts\/7080"}],"collection":[{"href":"https:\/\/www.summar.es\/actualidad\/wp-json\/wp\/v2\/posts"}],"about":[{"href":"https:\/\/www.summar.es\/actualidad\/wp-json\/wp\/v2\/types\/post"}],"author":[{"embeddable":true,"href":"https:\/\/www.summar.es\/actualidad\/wp-json\/wp\/v2\/users\/1"}],"replies":[{"embeddable":true,"href":"https:\/\/www.summar.es\/actualidad\/wp-json\/wp\/v2\/comments?post=7080"}],"version-history":[{"count":9,"href":"https:\/\/www.summar.es\/actualidad\/wp-json\/wp\/v2\/posts\/7080\/revisions"}],"predecessor-version":[{"id":7091,"href":"https:\/\/www.summar.es\/actualidad\/wp-json\/wp\/v2\/posts\/7080\/revisions\/7091"}],"wp:featuredmedia":[{"embeddable":true,"href":"https:\/\/www.summar.es\/actualidad\/wp-json\/wp\/v2\/media\/7082"}],"wp:attachment":[{"href":"https:\/\/www.summar.es\/actualidad\/wp-json\/wp\/v2\/media?parent=7080"}],"wp:term":[{"taxonomy":"category","embeddable":true,"href":"https:\/\/www.summar.es\/actualidad\/wp-json\/wp\/v2\/categories?post=7080"},{"taxonomy":"post_tag","embeddable":true,"href":"https:\/\/www.summar.es\/actualidad\/wp-json\/wp\/v2\/tags?post=7080"}],"curies":[{"name":"wp","href":"https:\/\/api.w.org\/{rel}","templated":true}]}}