{"id":8292,"date":"2025-09-30T13:01:29","date_gmt":"2025-09-30T14:01:29","guid":{"rendered":"https:\/\/www.summar.es\/actualidad\/?p=8292"},"modified":"2025-11-20T14:09:34","modified_gmt":"2025-11-20T15:09:34","slug":"summar-silae","status":"publish","type":"post","link":"https:\/\/www.summar.es\/actualidad\/summar-silae\/","title":{"rendered":"Seguimos creciendo: Summar pasa a formar parte de Silae"},"content":{"rendered":"\n<p style=\"font-size:18px\">Hoy la prensa se ha hecho eco de una noticia muy importante para nosotros:<strong> \u00a1ahora formamos parte de Silae!<\/strong><\/p>\n\n\n\n<p style=\"font-size:18px\">Esta nueva etapa nos permite dar un gran paso adelante, de la mano de una empresa l\u00edder en el mercado franc\u00e9s en soluciones de n\u00f3mina y RRHH, con una amplia experiencia tanto en el \u00e1mbito empresarial como en el de las asesor\u00edas y despachos profesionales.&nbsp;<\/p>\n\n\n\n<figure class=\"wp-block-image size-full is-resized\"><img decoding=\"async\" loading=\"lazy\" src=\"https:\/\/www.summar.es\/actualidad\/wp-content\/uploads\/2025\/09\/image.png\" alt=\"\" class=\"wp-image-10936\" style=\"width:471px;height:193px\" width=\"471\" height=\"193\" srcset=\"https:\/\/www.summar.es\/actualidad\/wp-content\/uploads\/2025\/09\/image.png 535w, https:\/\/www.summar.es\/actualidad\/wp-content\/uploads\/2025\/09\/image-300x123.png 300w\" sizes=\"(max-width: 471px) 100vw, 471px\" \/><\/figure>\n\n\n\n<p><\/p>\n\n\n\n<p class=\"has-medium-font-size\"><strong>La nueva direcci\u00f3n<\/strong><\/p>\n\n\n\n<p style=\"font-size:18px\">Contamos adem\u00e1s con una nueva direcci\u00f3n general, formada por <strong>Pablo Calvo (CEO) y Mart\u00edn Ota\u00f1o (CFO).<\/strong><\/p>\n\n\n\n<blockquote class=\"wp-block-quote\">\n<p style=\"font-size:18px\">Seg\u00fan <strong>Pablo Calvo<\/strong>, \u201c<em>con este movimiento buscamos inspirarnos en la trayectoria de Silae para hacer nuestro camino en Espa\u00f1a, aportando siempre innovaci\u00f3n y fuerza. Summar ya cuenta con clientes fieles y destacados, tanto en software de n\u00f3minas y RRHH para empresas, como en soluciones para asesor\u00edas y despachos profesionales. Esta adquisici\u00f3n refuerza el compromiso del grupo con el mercado. Es momento de impulsar lo que funciona, potenciar las soluciones que ya utilizan los clientes y a\u00f1adir valor con nuevas sinergias en el ecosistema. Tenemos una ilusi\u00f3n enorme respaldada por la solidez de un grupo internacional que no para de crecer.<\/em>\u201d<br><br>Por su parte, <strong>Mart\u00edn Ota\u00f1o<\/strong> puntualiza tambi\u00e9n que: \u201c<em>tan importante como el contexto favorable es la robustez de las compa\u00f1\u00edas: son sanas, con una s\u00f3lida situaci\u00f3n financiera, una larga trayectoria y equipos altamente cualificados, lo que nos permite crecer con bases fuertes y con visi\u00f3n a largo plazo<\/em>.\u201d<\/p>\n<\/blockquote>\n\n\n\n<p class=\"has-medium-font-size\"><strong>Seguimos creciendo contigo<\/strong><\/p>\n\n\n\n<p style=\"font-size:18px\">Ante esta noticia, nos quedamos con lo m\u00e1s importante:<strong> nada cambia en tu d\u00eda a d\u00eda<\/strong>, pero continuamos avanzando juntos y acompa\u00f1\u00e1ndote con la misma cercan\u00eda de siempre y con la mirada puesta en todo lo que viene.<\/p>\n\n\n\n<p style=\"font-size:18px\">Si tienes cualquier duda, aqu\u00ed estamos para ayudarte.<\/p>\n\n\n\n<p style=\"font-size:18px\">\u00a1Gracias por ser parte de esta nueva etapa!<\/p>\n\n\n\n<p><\/p>\n\n\n\n<hr class=\"wp-block-separator has-alpha-channel-opacity\"\/>\n\n\n\n<p><\/p>\n\n\n\n<p class=\"has-medium-font-size\"><strong>Te compartimos algunas de las noticias en medios:<\/strong><\/p>\n\n\n\n<p class=\"has-text-color\" style=\"color:#1b597d;font-size:18px\"><strong>Prensa generalista<\/strong>:<\/p>\n\n\n\n<ul>\n<li><strong>El Peri\u00f3dico<\/strong>\n<ul>\n<li>Versi\u00f3n digital: <a href=\"https:\/\/www.elperiodico.com\/es\/economia\/20250930\/tecnologica-francesa-silae-aterriza-espana-compra-summar-denario-122081586\">La tecnol\u00f3gica francesa Silae aterriza en Espa\u00f1a con la compra de las empresas catalanas Summar y Denario<\/a><\/li>\n\n\n\n<li>Versi\u00f3n impresa (CAST): <a href=\"https:\/\/www.summar.es\/actualidad\/wp-content\/uploads\/2025\/09\/Silae_ElPerio\u0301dico_CAST.pdf\">Haz clic aqu\u00ed<\/a><\/li>\n\n\n\n<li>Versi\u00f3n impresa (CAT): <a href=\"https:\/\/www.summar.es\/actualidad\/wp-content\/uploads\/2025\/09\/Silae_ElPerio\u0301dico_CAT.pdf\">Haz clic aqu\u00ed<\/a><\/li>\n<\/ul>\n<\/li>\n\n\n\n<li><strong>Diari Ara<\/strong>\n<ul>\n<li>Versi\u00f3n digital: <a href=\"https:\/\/www.ara.cat\/economia\/tecnologia\/francesa-silae-aterra-l-compra-dues-empreses-catalanes_1_5512629.html\">La francesa Silae aterra a l&#8217;Estat amb la compra de dues empreses catalanes<\/a><\/li>\n\n\n\n<li>Versi\u00f3n impresa: <a href=\"https:\/\/www.summar.es\/actualidad\/wp-content\/uploads\/2025\/09\/Silae_ARA.pdf\">Haz clic aqu\u00ed<\/a><\/li>\n<\/ul>\n<\/li>\n\n\n\n<li><strong>Europa Press<\/strong>\n<ul>\n<li><a href=\"https:\/\/www.europapress.es\/catalunya\/noticia-silae-adquiere-summar-denario-empezar-operar-espana-20250930134658.html\">Silae adquiere Summar y Denario para empezar a operar en Espa\u00f1a<\/a><\/li>\n<\/ul>\n<\/li>\n<\/ul>\n\n\n\n<p class=\"has-text-color\" style=\"color:#1b597d\"><strong>Prensa<\/strong> <strong>especializada:<\/strong><\/p>\n\n\n\n<ul>\n<li><strong>El economista<\/strong>\n<ul>\n<li>Versi\u00f3n digital: <a href=\"https:\/\/www.eleconomista.es\/tecnologia\/noticias\/13568803\/09\/25\/silae-compra-summar-y-denario-y-se-situa-como-el-cuarto-gestor-de-nominas-de-espana.html\">Silae compra Summar y Denario y se sit\u00faa como el cuarto gestor de n\u00f3minas de Espa\u00f1a<\/a><\/li>\n\n\n\n<li>Versi\u00f3n impresa: <a href=\"https:\/\/www.summar.es\/actualidad\/wp-content\/uploads\/2025\/09\/Silae_ElEconomista.pdf\">Haz clic aqu\u00ed<\/a><\/li>\n<\/ul>\n<\/li>\n\n\n\n<li><strong>Expansi\u00f3n<\/strong>\n<ul>\n<li>Versi\u00f3n digital: <a href=\"https:\/\/www.expansion.com\/catalunya\/2025\/09\/30\/68dac842468aeba32e8b45a2.html\">Silae se refuerza en el mercado espa\u00f1ol con la compra de Summar | Catalu\u00f1a<\/a><\/li>\n\n\n\n<li>Versi\u00f3n impresa: <a href=\"https:\/\/www.summar.es\/actualidad\/wp-content\/uploads\/2025\/09\/Silae_Expansio\u0301n.pdf\">Haz clic aqu\u00ed<\/a><\/li>\n<\/ul>\n<\/li>\n\n\n\n<li><strong>Equipos y Talento<\/strong>\n<ul>\n<li><a href=\"https:\/\/www.equiposytalento.com\/noticias\/2025\/10\/02\/silae-aterriza-en-espana-con-la-adquisicion-de-summar-y-denario\">Silae aterriza en Espa\u00f1a con la adquisici\u00f3n de Summar y Denario<\/a><\/li>\n<\/ul>\n<\/li>\n\n\n\n<li><strong>Forbes<\/strong>\n<ul>\n<li>Versi\u00f3n digital: <a href=\"https:\/\/forbes.es\/economia\/805736\/la-empresa-de-recursos-humanos-silae-adquiere-summar-y-denario-para-empezar-a-operar-en-espana\/\">La empresa de recursos humanos Silae adquiere Summar y Denario para empezar a operar en Espa\u00f1a &#8211; Forbes Espa\u00f1a<\/a><\/li>\n<\/ul>\n<\/li>\n<\/ul>\n","protected":false},"excerpt":{"rendered":"<p>Hoy la prensa se ha hecho eco de una noticia muy importante para nosotros: \u00a1ahora formamos parte de Silae! Esta nueva etapa nos permite dar un gran paso adelante, de la mano de una empresa l\u00edder en el mercado franc\u00e9s en soluciones de n\u00f3mina y RRHH, con una amplia experiencia [&hellip;]<\/p>\n","protected":false},"author":1,"featured_media":10936,"comment_status":"closed","ping_status":"closed","sticky":false,"template":"","format":"standard","meta":{"footnotes":""},"categories":[7,58],"tags":[209,210],"yoast_head":"<!-- This site is optimized with the Yoast SEO plugin v21.4 - https:\/\/yoast.com\/wordpress\/plugins\/seo\/ -->\r\n<title>Seguimos creciendo: Summar pasa a formar parte de Silae - Actualidad Summar<\/title>\r\n<meta name=\"robots\" content=\"index, follow, max-snippet:-1, max-image-preview:large, max-video-preview:-1\" \/>\r\n<link rel=\"canonical\" href=\"https:\/\/www.summar.es\/actualidad\/summar-silae\/\" \/>\r\n<meta property=\"og:locale\" content=\"es_ES\" \/>\r\n<meta property=\"og:type\" content=\"article\" \/>\r\n<meta property=\"og:title\" content=\"Seguimos creciendo: Summar pasa a formar parte de Silae - Actualidad Summar\" \/>\r\n<meta property=\"og:description\" content=\"Hoy la prensa se ha hecho eco de una noticia muy importante para nosotros: \u00a1ahora formamos parte de Silae! Esta nueva etapa nos permite dar un gran paso adelante, de la mano de una empresa l\u00edder en el mercado franc\u00e9s en soluciones de n\u00f3mina y RRHH, con una amplia experiencia [&hellip;]\" \/>\r\n<meta property=\"og:url\" content=\"https:\/\/www.summar.es\/actualidad\/summar-silae\/\" \/>\r\n<meta property=\"og:site_name\" content=\"Actualidad Summar\" \/>\r\n<meta property=\"article:published_time\" content=\"2025-09-30T14:01:29+00:00\" \/>\r\n<meta property=\"article:modified_time\" content=\"2025-11-20T15:09:34+00:00\" \/>\r\n<meta property=\"og:image\" content=\"https:\/\/www.summar.es\/actualidad\/wp-content\/uploads\/2025\/09\/image.png\" \/>\r\n\t<meta property=\"og:image:width\" content=\"535\" \/>\r\n\t<meta property=\"og:image:height\" content=\"220\" \/>\r\n\t<meta property=\"og:image:type\" content=\"image\/png\" \/>\r\n<meta name=\"author\" content=\"Summar\" \/>\r\n<meta name=\"twitter:card\" content=\"summary_large_image\" \/>\r\n<meta name=\"twitter:label1\" content=\"Escrito por\" \/>\n\t<meta name=\"twitter:data1\" content=\"Summar\" \/>\n\t<meta name=\"twitter:label2\" content=\"Tiempo de lectura\" \/>\n\t<meta name=\"twitter:data2\" content=\"3 minutos\" \/>\r\n<script type=\"application\/ld+json\" class=\"yoast-schema-graph\">{\"@context\":\"https:\/\/schema.org\",\"@graph\":[{\"@type\":\"WebPage\",\"@id\":\"https:\/\/www.summar.es\/actualidad\/summar-silae\/\",\"url\":\"https:\/\/www.summar.es\/actualidad\/summar-silae\/\",\"name\":\"Seguimos creciendo: Summar pasa a formar parte de Silae - Actualidad Summar\",\"isPartOf\":{\"@id\":\"https:\/\/www.summar.es\/actualidad\/#website\"},\"datePublished\":\"2025-09-30T14:01:29+00:00\",\"dateModified\":\"2025-11-20T15:09:34+00:00\",\"author\":{\"@id\":\"https:\/\/www.summar.es\/actualidad\/#\/schema\/person\/7028f7df395df1d62ea9a9f0c9242639\"},\"breadcrumb\":{\"@id\":\"https:\/\/www.summar.es\/actualidad\/summar-silae\/#breadcrumb\"},\"inLanguage\":\"es\",\"potentialAction\":[{\"@type\":\"ReadAction\",\"target\":[\"https:\/\/www.summar.es\/actualidad\/summar-silae\/\"]}]},{\"@type\":\"BreadcrumbList\",\"@id\":\"https:\/\/www.summar.es\/actualidad\/summar-silae\/#breadcrumb\",\"itemListElement\":[{\"@type\":\"ListItem\",\"position\":1,\"name\":\"Portada\",\"item\":\"https:\/\/www.summar.es\/actualidad\/\"},{\"@type\":\"ListItem\",\"position\":2,\"name\":\"Seguimos creciendo: Summar pasa a formar parte de Silae\"}]},{\"@type\":\"WebSite\",\"@id\":\"https:\/\/www.summar.es\/actualidad\/#website\",\"url\":\"https:\/\/www.summar.es\/actualidad\/\",\"name\":\"Actualidad Summar\",\"description\":\"Temas de actualidad\",\"potentialAction\":[{\"@type\":\"SearchAction\",\"target\":{\"@type\":\"EntryPoint\",\"urlTemplate\":\"https:\/\/www.summar.es\/actualidad\/?s={search_term_string}\"},\"query-input\":\"required name=search_term_string\"}],\"inLanguage\":\"es\"},{\"@type\":\"Person\",\"@id\":\"https:\/\/www.summar.es\/actualidad\/#\/schema\/person\/7028f7df395df1d62ea9a9f0c9242639\",\"name\":\"Summar\",\"sameAs\":[\"https:\/\/www2.summar.es\/noticias\"],\"url\":\"https:\/\/www.summar.es\/actualidad\/author\/summar\/\"}]}<\/script>\r\n<!-- \/ Yoast SEO plugin. -->","yoast_head_json":{"title":"Seguimos creciendo: Summar pasa a formar parte de Silae - Actualidad Summar","robots":{"index":"index","follow":"follow","max-snippet":"max-snippet:-1","max-image-preview":"max-image-preview:large","max-video-preview":"max-video-preview:-1"},"canonical":"https:\/\/www.summar.es\/actualidad\/summar-silae\/","og_locale":"es_ES","og_type":"article","og_title":"Seguimos creciendo: Summar pasa a formar parte de Silae - Actualidad Summar","og_description":"Hoy la prensa se ha hecho eco de una noticia muy importante para nosotros: \u00a1ahora formamos parte de Silae! Esta nueva etapa nos permite dar un gran paso adelante, de la mano de una empresa l\u00edder en el mercado franc\u00e9s en soluciones de n\u00f3mina y RRHH, con una amplia experiencia [&hellip;]","og_url":"https:\/\/www.summar.es\/actualidad\/summar-silae\/","og_site_name":"Actualidad Summar","article_published_time":"2025-09-30T14:01:29+00:00","article_modified_time":"2025-11-20T15:09:34+00:00","og_image":[{"width":535,"height":220,"url":"https:\/\/www.summar.es\/actualidad\/wp-content\/uploads\/2025\/09\/image.png","type":"image\/png"}],"author":"Summar","twitter_card":"summary_large_image","twitter_misc":{"Escrito por":"Summar","Tiempo de lectura":"3 minutos"},"schema":{"@context":"https:\/\/schema.org","@graph":[{"@type":"WebPage","@id":"https:\/\/www.summar.es\/actualidad\/summar-silae\/","url":"https:\/\/www.summar.es\/actualidad\/summar-silae\/","name":"Seguimos creciendo: Summar pasa a formar parte de Silae - Actualidad Summar","isPartOf":{"@id":"https:\/\/www.summar.es\/actualidad\/#website"},"datePublished":"2025-09-30T14:01:29+00:00","dateModified":"2025-11-20T15:09:34+00:00","author":{"@id":"https:\/\/www.summar.es\/actualidad\/#\/schema\/person\/7028f7df395df1d62ea9a9f0c9242639"},"breadcrumb":{"@id":"https:\/\/www.summar.es\/actualidad\/summar-silae\/#breadcrumb"},"inLanguage":"es","potentialAction":[{"@type":"ReadAction","target":["https:\/\/www.summar.es\/actualidad\/summar-silae\/"]}]},{"@type":"BreadcrumbList","@id":"https:\/\/www.summar.es\/actualidad\/summar-silae\/#breadcrumb","itemListElement":[{"@type":"ListItem","position":1,"name":"Portada","item":"https:\/\/www.summar.es\/actualidad\/"},{"@type":"ListItem","position":2,"name":"Seguimos creciendo: Summar pasa a formar parte de Silae"}]},{"@type":"WebSite","@id":"https:\/\/www.summar.es\/actualidad\/#website","url":"https:\/\/www.summar.es\/actualidad\/","name":"Actualidad Summar","description":"Temas de actualidad","potentialAction":[{"@type":"SearchAction","target":{"@type":"EntryPoint","urlTemplate":"https:\/\/www.summar.es\/actualidad\/?s={search_term_string}"},"query-input":"required name=search_term_string"}],"inLanguage":"es"},{"@type":"Person","@id":"https:\/\/www.summar.es\/actualidad\/#\/schema\/person\/7028f7df395df1d62ea9a9f0c9242639","name":"Summar","sameAs":["https:\/\/www2.summar.es\/noticias"],"url":"https:\/\/www.summar.es\/actualidad\/author\/summar\/"}]}},"_links":{"self":[{"href":"https:\/\/www.summar.es\/actualidad\/wp-json\/wp\/v2\/posts\/8292"}],"collection":[{"href":"https:\/\/www.summar.es\/actualidad\/wp-json\/wp\/v2\/posts"}],"about":[{"href":"https:\/\/www.summar.es\/actualidad\/wp-json\/wp\/v2\/types\/post"}],"author":[{"embeddable":true,"href":"https:\/\/www.summar.es\/actualidad\/wp-json\/wp\/v2\/users\/1"}],"replies":[{"embeddable":true,"href":"https:\/\/www.summar.es\/actualidad\/wp-json\/wp\/v2\/comments?post=8292"}],"version-history":[{"count":32,"href":"https:\/\/www.summar.es\/actualidad\/wp-json\/wp\/v2\/posts\/8292\/revisions"}],"predecessor-version":[{"id":11038,"href":"https:\/\/www.summar.es\/actualidad\/wp-json\/wp\/v2\/posts\/8292\/revisions\/11038"}],"wp:featuredmedia":[{"embeddable":true,"href":"https:\/\/www.summar.es\/actualidad\/wp-json\/wp\/v2\/media\/10936"}],"wp:attachment":[{"href":"https:\/\/www.summar.es\/actualidad\/wp-json\/wp\/v2\/media?parent=8292"}],"wp:term":[{"taxonomy":"category","embeddable":true,"href":"https:\/\/www.summar.es\/actualidad\/wp-json\/wp\/v2\/categories?post=8292"},{"taxonomy":"post_tag","embeddable":true,"href":"https:\/\/www.summar.es\/actualidad\/wp-json\/wp\/v2\/tags?post=8292"}],"curies":[{"name":"wp","href":"https:\/\/api.w.org\/{rel}","templated":true}]}}